{"data":"<li>\n    <!-- Post Item Start -->\n    <div class=\"post--item post--layout-3\">\n        <div class=\"post--img\">\n            <a href=\"\/post\/contra-as-demarcacoes-produtores-do-estado-vao-a-brasilia-nesta-quarta\" class=\"thumb\">\n                <img class=\"lazy\" data-src=\"\" alt=\"\" src=\"data:image\/gif;base64,R0lGODlhAQABAAAAACH5BAEKAAEALAAAAAABAAEAAAICTAEAOw==\"><\/a>\n\n            <div class=\"post--info\">\n                <ul class=\"nav meta\">\n                   <!-- <li><a href=\"#\"><\/a><\/li> -->\n                    <li><a href=\"#\">08\/05\/2013<\/a><\/li>\n                <\/ul>\n\n                <div class=\"title\">\n                    <h3 class=\"h4\"><a href=\"\/post\/contra-as-demarcacoes-produtores-do-estado-vao-a-brasilia-nesta-quarta\" class=\"btn-link title_box_2_lines\">Contra as demarca\u00e7\u00f5es produtores do Estado v\u00e3o \u00e0 Bras\u00edlia nesta quarta<\/a><\/h3>\n                <\/div>\n            <\/div>\n        <\/div>\n    <\/div>\n    <!-- Post Item End -->\n<\/li>\n<li>\n    <!-- Post Item Start -->\n    <div class=\"post--item post--layout-3\">\n        <div class=\"post--img\">\n            <a href=\"\/post\/ms-depois-de-26-anos-cidades-impactadas-pela-usina-de-porto-primavera-receberao-580-milhoes\" class=\"thumb\">\n                <img class=\"lazy\" data-src=\"\" alt=\"\" src=\"data:image\/gif;base64,R0lGODlhAQABAAAAACH5BAEKAAEALAAAAAABAAEAAAICTAEAOw==\"><\/a>\n\n            <div class=\"post--info\">\n                <ul class=\"nav meta\">\n                   <!-- <li><a href=\"#\"><\/a><\/li> -->\n                    <li><a href=\"#\">13\/07\/2018<\/a><\/li>\n                <\/ul>\n\n                <div class=\"title\">\n                    <h3 class=\"h4\"><a href=\"\/post\/ms-depois-de-26-anos-cidades-impactadas-pela-usina-de-porto-primavera-receberao-580-milhoes\" class=\"btn-link title_box_2_lines\">MS: Depois de 26 anos cidades impactadas pela Usina de Porto Primavera receber\u00e3o 580 milh\u00f5es<\/a><\/h3>\n                <\/div>\n            <\/div>\n        <\/div>\n    <\/div>\n    <!-- Post Item End -->\n<\/li>\n<li>\n    <!-- Post Item Start -->\n    <div class=\"post--item post--layout-3\">\n        <div class=\"post--img\">\n            <a href=\"\/post\/governo-estadual-simplifica-licenca-para-queima-controlada\" class=\"thumb\">\n                <img class=\"lazy\" data-src=\"\/cache\/img\/noticias\/queima.controlada-100x70.jpeg\" alt=\"\" src=\"data:image\/gif;base64,R0lGODlhAQABAAAAACH5BAEKAAEALAAAAAABAAEAAAICTAEAOw==\"><\/a>\n\n            <div class=\"post--info\">\n                <ul class=\"nav meta\">\n                   <!-- <li><a href=\"#\"><\/a><\/li> -->\n                    <li><a href=\"#\">21\/01\/2025<\/a><\/li>\n                <\/ul>\n\n                <div class=\"title\">\n                    <h3 class=\"h4\"><a href=\"\/post\/governo-estadual-simplifica-licenca-para-queima-controlada\" class=\"btn-link title_box_2_lines\">Governo Estadual simplifica licen\u00e7a para queima controlada <\/a><\/h3>\n                <\/div>\n            <\/div>\n        <\/div>\n    <\/div>\n    <!-- Post Item End -->\n<\/li>\n<li>\n    <!-- Post Item Start -->\n    <div class=\"post--item post--layout-3\">\n        <div class=\"post--img\">\n            <a href=\"\/post\/delacao-da-jbs-pode-ser-anulada-e-governador-rebate-acusacao-de-propina\" class=\"thumb\">\n                <img class=\"lazy\" data-src=\"\/cache\/img\/noticias\/2019\/01\/2318-img-7728-100x70.jpg\" alt=\"\" src=\"data:image\/gif;base64,R0lGODlhAQABAAAAACH5BAEKAAEALAAAAAABAAEAAAICTAEAOw==\"><\/a>\n\n            <div class=\"post--info\">\n                <ul class=\"nav meta\">\n                   <!-- <li><a href=\"#\"><\/a><\/li> -->\n                    <li><a href=\"#\">05\/09\/2017<\/a><\/li>\n                <\/ul>\n\n                <div class=\"title\">\n                    <h3 class=\"h4\"><a href=\"\/post\/delacao-da-jbs-pode-ser-anulada-e-governador-rebate-acusacao-de-propina\" class=\"btn-link title_box_2_lines\">Dela\u00e7\u00e3o da JBS pode ser anulada e governador rebate acusa\u00e7\u00e3o de propina<\/a><\/h3>\n                <\/div>\n            <\/div>\n        <\/div>\n    <\/div>\n    <!-- Post Item End -->\n<\/li>\n","prev_page_url":"\/authors_posts?page=82","next_page_url":"\/authors_posts?page=84"}