{"data":"<li>\n    <!-- Post Item Start -->\n    <div class=\"post--item post--layout-3\">\n        <div class=\"post--img\">\n            <a href=\"\/post\/setor-da-pesca-comemora-cerca-de-r-1-milhao-em-investimentos-no-estado\" class=\"thumb\">\n                <img class=\"lazy\" data-src=\"\" alt=\"\" src=\"data:image\/gif;base64,R0lGODlhAQABAAAAACH5BAEKAAEALAAAAAABAAEAAAICTAEAOw==\"><\/a>\n\n            <div class=\"post--info\">\n                <ul class=\"nav meta\">\n                   <!-- <li><a href=\"#\"><\/a><\/li> -->\n                    <li><a href=\"#\">14\/03\/2013<\/a><\/li>\n                <\/ul>\n\n                <div class=\"title\">\n                    <h3 class=\"h4\"><a href=\"\/post\/setor-da-pesca-comemora-cerca-de-r-1-milhao-em-investimentos-no-estado\" class=\"btn-link title_box_2_lines\">Setor da pesca comemora cerca de R$ 1 milh\u00e3o em investimentos no Estado<\/a><\/h3>\n                <\/div>\n            <\/div>\n        <\/div>\n    <\/div>\n    <!-- Post Item End -->\n<\/li>\n<li>\n    <!-- Post Item Start -->\n    <div class=\"post--item post--layout-3\">\n        <div class=\"post--img\">\n            <a href=\"\/post\/agricultura-demarcacoes-de-terras-indigenas-e-questoes-florestais-ficarao-na-pasta-de-tereza-cristina\" class=\"thumb\">\n                <img class=\"lazy\" data-src=\"\" alt=\"\" src=\"data:image\/gif;base64,R0lGODlhAQABAAAAACH5BAEKAAEALAAAAAABAAEAAAICTAEAOw==\"><\/a>\n\n            <div class=\"post--info\">\n                <ul class=\"nav meta\">\n                   <!-- <li><a href=\"#\"><\/a><\/li> -->\n                    <li><a href=\"#\">02\/01\/2019<\/a><\/li>\n                <\/ul>\n\n                <div class=\"title\">\n                    <h3 class=\"h4\"><a href=\"\/post\/agricultura-demarcacoes-de-terras-indigenas-e-questoes-florestais-ficarao-na-pasta-de-tereza-cristina\" class=\"btn-link title_box_2_lines\">Agricultura: Demarca\u00e7\u00f5es de terras ind\u00edgenas e quest\u00f5es florestais ficar\u00e3o na pasta de Tereza Cristina<\/a><\/h3>\n                <\/div>\n            <\/div>\n        <\/div>\n    <\/div>\n    <!-- Post Item End -->\n<\/li>\n<li>\n    <!-- Post Item Start -->\n    <div class=\"post--item post--layout-3\">\n        <div class=\"post--img\">\n            <a href=\"\/post\/novidade-aeroporto-de-dourados-comeca-a-operar-com-a-azul-linhas-aereas\" class=\"thumb\">\n                <img class=\"lazy\" data-src=\"\/cache\/img\/noticias\/2019\/01\/194-azul-linhas-aereas-100x70.jpg\" alt=\"\" src=\"data:image\/gif;base64,R0lGODlhAQABAAAAACH5BAEKAAEALAAAAAABAAEAAAICTAEAOw==\"><\/a>\n\n            <div class=\"post--info\">\n                <ul class=\"nav meta\">\n                   <!-- <li><a href=\"#\"><\/a><\/li> -->\n                    <li><a href=\"#\">05\/10\/2012<\/a><\/li>\n                <\/ul>\n\n                <div class=\"title\">\n                    <h3 class=\"h4\"><a href=\"\/post\/novidade-aeroporto-de-dourados-comeca-a-operar-com-a-azul-linhas-aereas\" class=\"btn-link title_box_2_lines\">Novidade: Aeroporto de Dourados come\u00e7a a operar com a Azul Linhas A\u00e9reas<\/a><\/h3>\n                <\/div>\n            <\/div>\n        <\/div>\n    <\/div>\n    <!-- Post Item End -->\n<\/li>\n<li>\n    <!-- Post Item Start -->\n    <div class=\"post--item post--layout-3\">\n        <div class=\"post--img\">\n            <a href=\"\/post\/suzano-e-sest-senat-impulsionam-qualificacao-profissional-e-geracao-de-empregos-no-setor-florestal-em-tres-lagoas-ms\" class=\"thumb\">\n                <img class=\"lazy\" data-src=\"\/cache\/img\/noticias\/Suzano.sest.senat-100x70.jpg\" alt=\"\" src=\"data:image\/gif;base64,R0lGODlhAQABAAAAACH5BAEKAAEALAAAAAABAAEAAAICTAEAOw==\"><\/a>\n\n            <div class=\"post--info\">\n                <ul class=\"nav meta\">\n                   <!-- <li><a href=\"#\"><\/a><\/li> -->\n                    <li><a href=\"#\">04\/07\/2025<\/a><\/li>\n                <\/ul>\n\n                <div class=\"title\">\n                    <h3 class=\"h4\"><a href=\"\/post\/suzano-e-sest-senat-impulsionam-qualificacao-profissional-e-geracao-de-empregos-no-setor-florestal-em-tres-lagoas-ms\" class=\"btn-link title_box_2_lines\">Suzano e SEST\/SENAT impulsionam qualifica\u00e7\u00e3o profissional e gera\u00e7\u00e3o de empregos no setor florestal em Tr\u00eas Lagoas (MS)<\/a><\/h3>\n                <\/div>\n            <\/div>\n        <\/div>\n    <\/div>\n    <!-- Post Item End -->\n<\/li>\n","prev_page_url":"\/authors_posts?page=39","next_page_url":"\/authors_posts?page=41"}