{"data":"<li>\n    <!-- Post Item Start -->\n    <div class=\"post--item post--layout-3\">\n        <div class=\"post--img\">\n            <a href=\"\/post\/durante-encontro-com-evo-morales-na-bolivia-governador-reinaldo-azambuja-alinha-projeto-da-ferrovia-transamericana\" class=\"thumb\">\n                <img class=\"lazy\" data-src=\"\/cache\/img\/noticias\/2019\/06\/evo.reinaldo-100x70.jpg\" alt=\"\" src=\"data:image\/gif;base64,R0lGODlhAQABAAAAACH5BAEKAAEALAAAAAABAAEAAAICTAEAOw==\"><\/a>\n\n            <div class=\"post--info\">\n                <ul class=\"nav meta\">\n                   <!-- <li><a href=\"#\"><\/a><\/li> -->\n                    <li><a href=\"#\">05\/06\/2019<\/a><\/li>\n                <\/ul>\n\n                <div class=\"title\">\n                    <h3 class=\"h4\"><a href=\"\/post\/durante-encontro-com-evo-morales-na-bolivia-governador-reinaldo-azambuja-alinha-projeto-da-ferrovia-transamericana\" class=\"btn-link title_box_2_lines\">Durante encontro com Evo Morales na Bol\u00edvia, governador Reinaldo Azambuja alinha projeto da Ferrovia TransAmericana<\/a><\/h3>\n                <\/div>\n            <\/div>\n        <\/div>\n    <\/div>\n    <!-- Post Item End -->\n<\/li>\n<li>\n    <!-- Post Item Start -->\n    <div class=\"post--item post--layout-3\">\n        <div class=\"post--img\">\n            <a href=\"\/post\/riedel-diz-que-nao-e-vander-diz-que-sim-sobre-pedido-de-emprestimo-de-r-4-2-bi-do-governo-ao-bndes\" class=\"thumb\">\n                <img class=\"lazy\" data-src=\"\/cache\/img\/noticias\/vander.riedel-100x70.jpg\" alt=\"\" src=\"data:image\/gif;base64,R0lGODlhAQABAAAAACH5BAEKAAEALAAAAAABAAEAAAICTAEAOw==\"><\/a>\n\n            <div class=\"post--info\">\n                <ul class=\"nav meta\">\n                   <!-- <li><a href=\"#\"><\/a><\/li> -->\n                    <li><a href=\"#\">29\/08\/2025<\/a><\/li>\n                <\/ul>\n\n                <div class=\"title\">\n                    <h3 class=\"h4\"><a href=\"\/post\/riedel-diz-que-nao-e-vander-diz-que-sim-sobre-pedido-de-emprestimo-de-r-4-2-bi-do-governo-ao-bndes\" class=\"btn-link title_box_2_lines\">Riedel diz que n\u00e3o e Vander diz que sim; sobre pedido de empr\u00e9stimo de r]4 2 bi do governo ao BNDES <\/a><\/h3>\n                <\/div>\n            <\/div>\n        <\/div>\n    <\/div>\n    <!-- Post Item End -->\n<\/li>\n<li>\n    <!-- Post Item Start -->\n    <div class=\"post--item post--layout-3\">\n        <div class=\"post--img\">\n            <a href=\"\/post\/comissao-aprova-margem-de-preferencia-a-produtos-organicos-em-licitacoes\" class=\"thumb\">\n                <img class=\"lazy\" data-src=\"\/cache\/img\/noticias\/5F0584CE-BE9D-4976-9B38-213C6C779B19-100x70.jpeg\" alt=\"\" src=\"data:image\/gif;base64,R0lGODlhAQABAAAAACH5BAEKAAEALAAAAAABAAEAAAICTAEAOw==\"><\/a>\n\n            <div class=\"post--info\">\n                <ul class=\"nav meta\">\n                   <!-- <li><a href=\"#\"><\/a><\/li> -->\n                    <li><a href=\"#\">22\/10\/2021<\/a><\/li>\n                <\/ul>\n\n                <div class=\"title\">\n                    <h3 class=\"h4\"><a href=\"\/post\/comissao-aprova-margem-de-preferencia-a-produtos-organicos-em-licitacoes\" class=\"btn-link title_box_2_lines\">Comiss\u00e3o aprova margem de prefer\u00eancia a produtos org\u00e2nicos em licita\u00e7\u00f5es<\/a><\/h3>\n                <\/div>\n            <\/div>\n        <\/div>\n    <\/div>\n    <!-- Post Item End -->\n<\/li>\n<li>\n    <!-- Post Item Start -->\n    <div class=\"post--item post--layout-3\">\n        <div class=\"post--img\">\n            <a href=\"\/post\/carne-de-frango-relacao-entre-exportacoes-e-abate-inspecionado-nas-10-maiores-ufs-produtoras\" class=\"thumb\">\n                <img class=\"lazy\" data-src=\"\/cache\/img\/noticias\/Frango_destaque_PortalDBO-100x70.png\" alt=\"\" src=\"data:image\/gif;base64,R0lGODlhAQABAAAAACH5BAEKAAEALAAAAAABAAEAAAICTAEAOw==\"><\/a>\n\n            <div class=\"post--info\">\n                <ul class=\"nav meta\">\n                   <!-- <li><a href=\"#\"><\/a><\/li> -->\n                    <li><a href=\"#\">06\/04\/2021<\/a><\/li>\n                <\/ul>\n\n                <div class=\"title\">\n                    <h3 class=\"h4\"><a href=\"\/post\/carne-de-frango-relacao-entre-exportacoes-e-abate-inspecionado-nas-10-maiores-ufs-produtoras\" class=\"btn-link title_box_2_lines\">Carne de frango: rela\u00e7\u00e3o entre exporta\u00e7\u00f5es e abate inspecionado nas 10 maiores UFs produtoras<\/a><\/h3>\n                <\/div>\n            <\/div>\n        <\/div>\n    <\/div>\n    <!-- Post Item End -->\n<\/li>\n","prev_page_url":"\/authors_posts?page=26","next_page_url":"\/authors_posts?page=28"}