{"data":"<li>\n    <!-- Post Item Start -->\n    <div class=\"post--item post--layout-3\">\n        <div class=\"post--img\">\n            <a href=\"\/post\/educacao-com-apoio-de-geraldo-resende-reabertura-dos-cursos-de-fonoaudiologia-e-terapia-ocupacional-sao-realidades-na-uems\" class=\"thumb\">\n                <img class=\"lazy\" data-src=\"\/cache\/img\/noticias\/geraldo-100x70.jpeg\" alt=\"\" src=\"data:image\/gif;base64,R0lGODlhAQABAAAAACH5BAEKAAEALAAAAAABAAEAAAICTAEAOw==\"><\/a>\n\n            <div class=\"post--info\">\n                <ul class=\"nav meta\">\n                   <!-- <li><a href=\"#\"><\/a><\/li> -->\n                    <li><a href=\"#\">06\/11\/2023<\/a><\/li>\n                <\/ul>\n\n                <div class=\"title\">\n                    <h3 class=\"h4\"><a href=\"\/post\/educacao-com-apoio-de-geraldo-resende-reabertura-dos-cursos-de-fonoaudiologia-e-terapia-ocupacional-sao-realidades-na-uems\" class=\"btn-link title_box_2_lines\">Educa\u00e7\u00e3o: Com apoio de Geraldo Resende reabertura dos cursos de Fonoaudiologia e Terapia Ocupacional s\u00e3o realidades na UEMS<\/a><\/h3>\n                <\/div>\n            <\/div>\n        <\/div>\n    <\/div>\n    <!-- Post Item End -->\n<\/li>\n<li>\n    <!-- Post Item Start -->\n    <div class=\"post--item post--layout-3\">\n        <div class=\"post--img\">\n            <a href=\"\/post\/com-investimentos-que-ultrapassam-r-100-milhoes-usina-laguna-inicia-producao-de-acucar-em-ms\" class=\"thumb\">\n                <img class=\"lazy\" data-src=\"\/cache\/img\/noticias\/usina.laguna-100x70.jpeg\" alt=\"\" src=\"data:image\/gif;base64,R0lGODlhAQABAAAAACH5BAEKAAEALAAAAAABAAEAAAICTAEAOw==\"><\/a>\n\n            <div class=\"post--info\">\n                <ul class=\"nav meta\">\n                   <!-- <li><a href=\"#\"><\/a><\/li> -->\n                    <li><a href=\"#\">10\/06\/2025<\/a><\/li>\n                <\/ul>\n\n                <div class=\"title\">\n                    <h3 class=\"h4\"><a href=\"\/post\/com-investimentos-que-ultrapassam-r-100-milhoes-usina-laguna-inicia-producao-de-acucar-em-ms\" class=\"btn-link title_box_2_lines\">Com investimentos que ultrapassam R$ 100 milh\u00f5es, Usina Laguna inicia produ\u00e7\u00e3o de a\u00e7\u00facar em MS<\/a><\/h3>\n                <\/div>\n            <\/div>\n        <\/div>\n    <\/div>\n    <!-- Post Item End -->\n<\/li>\n<li>\n    <!-- Post Item Start -->\n    <div class=\"post--item post--layout-3\">\n        <div class=\"post--img\">\n            <a href=\"\/post\/no-brasil-67-das-rodovias-tem-problemas-como-isso-impacta-nos-fretes-agropecuarios\" class=\"thumb\">\n                <img class=\"lazy\" data-src=\"\/cache\/img\/noticias\/frete.estradasruins-100x70.jpg\" alt=\"\" src=\"data:image\/gif;base64,R0lGODlhAQABAAAAACH5BAEKAAEALAAAAAABAAEAAAICTAEAOw==\"><\/a>\n\n            <div class=\"post--info\">\n                <ul class=\"nav meta\">\n                   <!-- <li><a href=\"#\"><\/a><\/li> -->\n                    <li><a href=\"#\">01\/12\/2023<\/a><\/li>\n                <\/ul>\n\n                <div class=\"title\">\n                    <h3 class=\"h4\"><a href=\"\/post\/no-brasil-67-das-rodovias-tem-problemas-como-isso-impacta-nos-fretes-agropecuarios\" class=\"btn-link title_box_2_lines\">No Brasil 67% das rodovias tem problemas, como isso impacta nos fretes agropecu\u00e1rios<\/a><\/h3>\n                <\/div>\n            <\/div>\n        <\/div>\n    <\/div>\n    <!-- Post Item End -->\n<\/li>\n<li>\n    <!-- Post Item Start -->\n    <div class=\"post--item post--layout-3\">\n        <div class=\"post--img\">\n            <a href=\"\/post\/autuacoes-de-pesca-no-periodo-da-piracema-aumentam-quase-200-no-primeiro-mes-de-fiscalizacao\" class=\"thumb\">\n                <img class=\"lazy\" data-src=\"\/cache\/img\/noticias\/2019\/01\/2745-autuacoes-de-pesca-no-periodo-da-piracema-aumentam-quase-200-100x70.jpg\" alt=\"\" src=\"data:image\/gif;base64,R0lGODlhAQABAAAAACH5BAEKAAEALAAAAAABAAEAAAICTAEAOw==\"><\/a>\n\n            <div class=\"post--info\">\n                <ul class=\"nav meta\">\n                   <!-- <li><a href=\"#\"><\/a><\/li> -->\n                    <li><a href=\"#\">05\/12\/2017<\/a><\/li>\n                <\/ul>\n\n                <div class=\"title\">\n                    <h3 class=\"h4\"><a href=\"\/post\/autuacoes-de-pesca-no-periodo-da-piracema-aumentam-quase-200-no-primeiro-mes-de-fiscalizacao\" class=\"btn-link title_box_2_lines\">Autua\u00e7\u00f5es de pesca no per\u00edodo da piracema aumentam quase 200% no primeiro m\u00eas de fiscaliza\u00e7\u00e3o<\/a><\/h3>\n                <\/div>\n            <\/div>\n        <\/div>\n    <\/div>\n    <!-- Post Item End -->\n<\/li>\n","prev_page_url":"\/authors_posts?page=200","next_page_url":"\/authors_posts?page=202"}