{"data":"<li>\n    <!-- Post Item Start -->\n    <div class=\"post--item post--layout-3\">\n        <div class=\"post--img\">\n            <a href=\"\/post\/em-um-ano-preco-do-quilo-vivo-de-ovinos-em-ms-teve-crescimento-de-18-8\" class=\"thumb\">\n                <img class=\"lazy\" data-src=\"\/cache\/img\/noticias\/carneiros-100x70.jpg\" alt=\"\" src=\"data:image\/gif;base64,R0lGODlhAQABAAAAACH5BAEKAAEALAAAAAABAAEAAAICTAEAOw==\"><\/a>\n\n            <div class=\"post--info\">\n                <ul class=\"nav meta\">\n                   <!-- <li><a href=\"#\"><\/a><\/li> -->\n                    <li><a href=\"#\">16\/02\/2021<\/a><\/li>\n                <\/ul>\n\n                <div class=\"title\">\n                    <h3 class=\"h4\"><a href=\"\/post\/em-um-ano-preco-do-quilo-vivo-de-ovinos-em-ms-teve-crescimento-de-18-8\" class=\"btn-link title_box_2_lines\">Em um ano pre\u00e7o do quilo vivo de ovinos em MS teve crescimento de 18,8%<\/a><\/h3>\n                <\/div>\n            <\/div>\n        <\/div>\n    <\/div>\n    <!-- Post Item End -->\n<\/li>\n<li>\n    <!-- Post Item Start -->\n    <div class=\"post--item post--layout-3\">\n        <div class=\"post--img\">\n            <a href=\"\/post\/al-ms-projeto-de-joao-henrique-proibe-que-invasor-de-propriedades-nao-receba-auxilio-do-governo\" class=\"thumb\">\n                <img class=\"lazy\" data-src=\"\/cache\/img\/noticias\/joao henrique 123-100x70.jpg\" alt=\"\" src=\"data:image\/gif;base64,R0lGODlhAQABAAAAACH5BAEKAAEALAAAAAABAAEAAAICTAEAOw==\"><\/a>\n\n            <div class=\"post--info\">\n                <ul class=\"nav meta\">\n                   <!-- <li><a href=\"#\"><\/a><\/li> -->\n                    <li><a href=\"#\">16\/11\/2021<\/a><\/li>\n                <\/ul>\n\n                <div class=\"title\">\n                    <h3 class=\"h4\"><a href=\"\/post\/al-ms-projeto-de-joao-henrique-proibe-que-invasor-de-propriedades-nao-receba-auxilio-do-governo\" class=\"btn-link title_box_2_lines\">AL\/MS: Projeto de Jo\u00e3o Henrique pro\u00edbe que invasor de propriedades n\u00e3o receba aux\u00edlio do Governo<\/a><\/h3>\n                <\/div>\n            <\/div>\n        <\/div>\n    <\/div>\n    <!-- Post Item End -->\n<\/li>\n<li>\n    <!-- Post Item Start -->\n    <div class=\"post--item post--layout-3\">\n        <div class=\"post--img\">\n            <a href=\"\/post\/rodovia-sul-fronteira-vai-encurta-caminhos-e-levar-desenvolvimento-para-toda-regiao-destaca-governador\" class=\"thumb\">\n                <img class=\"lazy\" data-src=\"\/cache\/img\/noticias\/reinaldo e mais social-100x70.jpg\" alt=\"\" src=\"data:image\/gif;base64,R0lGODlhAQABAAAAACH5BAEKAAEALAAAAAABAAEAAAICTAEAOw==\"><\/a>\n\n            <div class=\"post--info\">\n                <ul class=\"nav meta\">\n                   <!-- <li><a href=\"#\"><\/a><\/li> -->\n                    <li><a href=\"#\">24\/02\/2022<\/a><\/li>\n                <\/ul>\n\n                <div class=\"title\">\n                    <h3 class=\"h4\"><a href=\"\/post\/rodovia-sul-fronteira-vai-encurta-caminhos-e-levar-desenvolvimento-para-toda-regiao-destaca-governador\" class=\"btn-link title_box_2_lines\">\u201cRodovia Sul-Fronteira vai encurta caminhos e levar desenvolvimento para toda regi\u00e3o\u201d, destaca governador<\/a><\/h3>\n                <\/div>\n            <\/div>\n        <\/div>\n    <\/div>\n    <!-- Post Item End -->\n<\/li>\n<li>\n    <!-- Post Item Start -->\n    <div class=\"post--item post--layout-3\">\n        <div class=\"post--img\">\n            <a href=\"\/post\/lula-fala-sobre-os-atos-em-brasilia-se-esquece-do-vandalismo-feito-pelo-mst-e-critica-o-agro\" class=\"thumb\">\n                <img class=\"lazy\" data-src=\"\/cache\/img\/noticias\/Lula.MST-100x70.jpg\" alt=\"\" src=\"data:image\/gif;base64,R0lGODlhAQABAAAAACH5BAEKAAEALAAAAAABAAEAAAICTAEAOw==\"><\/a>\n\n            <div class=\"post--info\">\n                <ul class=\"nav meta\">\n                   <!-- <li><a href=\"#\"><\/a><\/li> -->\n                    <li><a href=\"#\">09\/01\/2023<\/a><\/li>\n                <\/ul>\n\n                <div class=\"title\">\n                    <h3 class=\"h4\"><a href=\"\/post\/lula-fala-sobre-os-atos-em-brasilia-se-esquece-do-vandalismo-feito-pelo-mst-e-critica-o-agro\" class=\"btn-link title_box_2_lines\">Lula fala sobre os atos em Bras\u00edlia se esquece do vandalismo feito pelo MST e critica o Agro<\/a><\/h3>\n                <\/div>\n            <\/div>\n        <\/div>\n    <\/div>\n    <!-- Post Item End -->\n<\/li>\n","prev_page_url":"\/authors_posts?page=154","next_page_url":"\/authors_posts?page=156"}