{"data":"<li>\n    <!-- Post Item Start -->\n    <div class=\"post--item post--layout-3\">\n        <div class=\"post--img\">\n            <a href=\"\/post\/sauditas-aumentam-em-22-as-compras-de-carne-frango-do-brasil-em-outubro\" class=\"thumb\">\n                <img class=\"lazy\" data-src=\"\/cache\/img\/noticias\/Frango_destaque_PortalDBO-100x70.png\" alt=\"\" src=\"data:image\/gif;base64,R0lGODlhAQABAAAAACH5BAEKAAEALAAAAAABAAEAAAICTAEAOw==\"><\/a>\n\n            <div class=\"post--info\">\n                <ul class=\"nav meta\">\n                   <!-- <li><a href=\"#\"><\/a><\/li> -->\n                    <li><a href=\"#\">13\/11\/2020<\/a><\/li>\n                <\/ul>\n\n                <div class=\"title\">\n                    <h3 class=\"h4\"><a href=\"\/post\/sauditas-aumentam-em-22-as-compras-de-carne-frango-do-brasil-em-outubro\" class=\"btn-link title_box_2_lines\">Sauditas aumentam em 22% as compras de carne frango do Brasil em outubro<\/a><\/h3>\n                <\/div>\n            <\/div>\n        <\/div>\n    <\/div>\n    <!-- Post Item End -->\n<\/li>\n<li>\n    <!-- Post Item Start -->\n    <div class=\"post--item post--layout-3\">\n        <div class=\"post--img\">\n            <a href=\"\/post\/sebrae-ms-e-governo-do-estado-planejam-fomentar-empreendedorismo-ciencia-e-inovacao\" class=\"thumb\">\n                <img class=\"lazy\" data-src=\"\/cache\/img\/noticias\/sebraems-100x70.jpeg\" alt=\"\" src=\"data:image\/gif;base64,R0lGODlhAQABAAAAACH5BAEKAAEALAAAAAABAAEAAAICTAEAOw==\"><\/a>\n\n            <div class=\"post--info\">\n                <ul class=\"nav meta\">\n                   <!-- <li><a href=\"#\"><\/a><\/li> -->\n                    <li><a href=\"#\">30\/01\/2023<\/a><\/li>\n                <\/ul>\n\n                <div class=\"title\">\n                    <h3 class=\"h4\"><a href=\"\/post\/sebrae-ms-e-governo-do-estado-planejam-fomentar-empreendedorismo-ciencia-e-inovacao\" class=\"btn-link title_box_2_lines\">Sebrae\/MS e Governo do Estado planejam fomentar empreendedorismo, ci\u00eancia e inova\u00e7\u00e3o<\/a><\/h3>\n                <\/div>\n            <\/div>\n        <\/div>\n    <\/div>\n    <!-- Post Item End -->\n<\/li>\n<li>\n    <!-- Post Item Start -->\n    <div class=\"post--item post--layout-3\">\n        <div class=\"post--img\">\n            <a href=\"\/post\/secretaria-de-obras-e-servicos-da-capital-firma-contrato-de-gestao-e-destaca-compromisso-com-resultados-a-populacao\" class=\"thumb\">\n                <img class=\"lazy\" data-src=\"\/cache\/img\/noticias\/sisep.prefeita-100x70.jpeg\" alt=\"\" src=\"data:image\/gif;base64,R0lGODlhAQABAAAAACH5BAEKAAEALAAAAAABAAEAAAICTAEAOw==\"><\/a>\n\n            <div class=\"post--info\">\n                <ul class=\"nav meta\">\n                   <!-- <li><a href=\"#\"><\/a><\/li> -->\n                    <li><a href=\"#\">11\/03\/2026<\/a><\/li>\n                <\/ul>\n\n                <div class=\"title\">\n                    <h3 class=\"h4\"><a href=\"\/post\/secretaria-de-obras-e-servicos-da-capital-firma-contrato-de-gestao-e-destaca-compromisso-com-resultados-a-populacao\" class=\"btn-link title_box_2_lines\">Secretaria de Obras e Servi\u00e7os da Capital firma contrato de gest\u00e3o e destaca compromisso com resultados \u00e0 popula\u00e7\u00e3o<\/a><\/h3>\n                <\/div>\n            <\/div>\n        <\/div>\n    <\/div>\n    <!-- Post Item End -->\n<\/li>\n<li>\n    <!-- Post Item Start -->\n    <div class=\"post--item post--layout-3\">\n        <div class=\"post--img\">\n            <a href=\"\/post\/riedel-e-verruck-acompanham-acoes-de-combate-aos-incendios-no-pantanal\" class=\"thumb\">\n                <img class=\"lazy\" data-src=\"\/cache\/img\/noticias\/quimadas.pantanal-100x70.jpg\" alt=\"\" src=\"data:image\/gif;base64,R0lGODlhAQABAAAAACH5BAEKAAEALAAAAAABAAEAAAICTAEAOw==\"><\/a>\n\n            <div class=\"post--info\">\n                <ul class=\"nav meta\">\n                   <!-- <li><a href=\"#\"><\/a><\/li> -->\n                    <li><a href=\"#\">29\/07\/2020<\/a><\/li>\n                <\/ul>\n\n                <div class=\"title\">\n                    <h3 class=\"h4\"><a href=\"\/post\/riedel-e-verruck-acompanham-acoes-de-combate-aos-incendios-no-pantanal\" class=\"btn-link title_box_2_lines\">Riedel e Verruck acompanham a\u00e7\u00f5es de combate aos inc\u00eandios no pantanal<\/a><\/h3>\n                <\/div>\n            <\/div>\n        <\/div>\n    <\/div>\n    <!-- Post Item End -->\n<\/li>\n","prev_page_url":"\/authors_posts?page=11","next_page_url":"\/authors_posts?page=13"}