{"data":"<li>\n    <!-- Post Item Start -->\n    <div class=\"post--item post--layout-3\">\n        <div class=\"post--img\">\n            <a href=\"\/post\/em-2018-brasil-exportou-mais-de-140-mil-cabecas-de-gado-vivo\" class=\"thumb\">\n                <img class=\"lazy\" data-src=\"\" alt=\"\" src=\"data:image\/gif;base64,R0lGODlhAQABAAAAACH5BAEKAAEALAAAAAABAAEAAAICTAEAOw==\"><\/a>\n\n            <div class=\"post--info\">\n                <ul class=\"nav meta\">\n                   <!-- <li><a href=\"#\"><\/a><\/li> -->\n                    <li><a href=\"#\">23\/04\/2018<\/a><\/li>\n                <\/ul>\n\n                <div class=\"title\">\n                    <h3 class=\"h4\"><a href=\"\/post\/em-2018-brasil-exportou-mais-de-140-mil-cabecas-de-gado-vivo\" class=\"btn-link title_box_2_lines\">Em 2018 Brasil exportou mais de 140 mil cabe\u00e7as de gado vivo<\/a><\/h3>\n                <\/div>\n            <\/div>\n        <\/div>\n    <\/div>\n    <!-- Post Item End -->\n<\/li>\n<li>\n    <!-- Post Item Start -->\n    <div class=\"post--item post--layout-3\">\n        <div class=\"post--img\">\n            <a href=\"\/post\/covid-19-dourados-vacina-mais-de-7-5-mil-pessoas-e-bate-novo-recorde-em-imunizacao\" class=\"thumb\">\n                <img class=\"lazy\" data-src=\"\/cache\/img\/noticias\/vacina dds-100x70.jpeg\" alt=\"\" src=\"data:image\/gif;base64,R0lGODlhAQABAAAAACH5BAEKAAEALAAAAAABAAEAAAICTAEAOw==\"><\/a>\n\n            <div class=\"post--info\">\n                <ul class=\"nav meta\">\n                   <!-- <li><a href=\"#\"><\/a><\/li> -->\n                    <li><a href=\"#\">02\/08\/2021<\/a><\/li>\n                <\/ul>\n\n                <div class=\"title\">\n                    <h3 class=\"h4\"><a href=\"\/post\/covid-19-dourados-vacina-mais-de-7-5-mil-pessoas-e-bate-novo-recorde-em-imunizacao\" class=\"btn-link title_box_2_lines\">Covid-19: Dourados vacina mais de 7,5 mil pessoas e bate novo recorde em imuniza\u00e7\u00e3o <\/a><\/h3>\n                <\/div>\n            <\/div>\n        <\/div>\n    <\/div>\n    <!-- Post Item End -->\n<\/li>\n<li>\n    <!-- Post Item Start -->\n    <div class=\"post--item post--layout-3\">\n        <div class=\"post--img\">\n            <a href=\"\/post\/atencao-ao-prazo-de-atualizacao-e-a-declaracao-de-rebanhos-em-mato-grosso-do-sul\" class=\"thumb\">\n                <img class=\"lazy\" data-src=\"\/cache\/img\/noticias\/bovino-bois-vacas--100x70.jpg\" alt=\"\" src=\"data:image\/gif;base64,R0lGODlhAQABAAAAACH5BAEKAAEALAAAAAABAAEAAAICTAEAOw==\"><\/a>\n\n            <div class=\"post--info\">\n                <ul class=\"nav meta\">\n                   <!-- <li><a href=\"#\"><\/a><\/li> -->\n                    <li><a href=\"#\">28\/04\/2023<\/a><\/li>\n                <\/ul>\n\n                <div class=\"title\">\n                    <h3 class=\"h4\"><a href=\"\/post\/atencao-ao-prazo-de-atualizacao-e-a-declaracao-de-rebanhos-em-mato-grosso-do-sul\" class=\"btn-link title_box_2_lines\">Aten\u00e7\u00e3o ao prazo de atualiza\u00e7\u00e3o e a declara\u00e7\u00e3o de rebanhos em Mato Grosso do Sul<\/a><\/h3>\n                <\/div>\n            <\/div>\n        <\/div>\n    <\/div>\n    <!-- Post Item End -->\n<\/li>\n<li>\n    <!-- Post Item Start -->\n    <div class=\"post--item post--layout-3\">\n        <div class=\"post--img\">\n            <a href=\"\/post\/sebrae-ms-leva-pequenos-negocios-para-o-festival-internacional-da-carne-e-impulsiona-acesso-a-novos-mercados\" class=\"thumb\">\n                <img class=\"lazy\" data-src=\"\/cache\/img\/noticias\/fest.carne-100x70.jpg\" alt=\"\" src=\"data:image\/gif;base64,R0lGODlhAQABAAAAACH5BAEKAAEALAAAAAABAAEAAAICTAEAOw==\"><\/a>\n\n            <div class=\"post--info\">\n                <ul class=\"nav meta\">\n                   <!-- <li><a href=\"#\"><\/a><\/li> -->\n                    <li><a href=\"#\">23\/09\/2025<\/a><\/li>\n                <\/ul>\n\n                <div class=\"title\">\n                    <h3 class=\"h4\"><a href=\"\/post\/sebrae-ms-leva-pequenos-negocios-para-o-festival-internacional-da-carne-e-impulsiona-acesso-a-novos-mercados\" class=\"btn-link title_box_2_lines\">Sebrae\/MS leva pequenos neg\u00f3cios para o Festival Internacional da Carne e impulsiona acesso a novos mercados<\/a><\/h3>\n                <\/div>\n            <\/div>\n        <\/div>\n    <\/div>\n    <!-- Post Item End -->\n<\/li>\n","prev_page_url":"\/authors_posts?page=1059","next_page_url":"\/authors_posts?page=1061"}